{"id":807,"date":"2018-11-20T14:06:11","date_gmt":"2018-11-20T20:06:11","guid":{"rendered":"http:\/\/capa8.blog\/?p=807"},"modified":"2018-11-20T14:06:11","modified_gmt":"2018-11-20T20:06:11","slug":"es-inevitable-una-reglamentacion-de-proteccion-de-datos-dice-ceo-de-apple","status":"publish","type":"post","link":"https:\/\/www.capa8.com\/blog\/es-inevitable-una-reglamentacion-de-proteccion-de-datos-dice-ceo-de-apple\/","title":{"rendered":"Es \u201cinevitable\u201d una reglamentaci\u00f3n de protecci\u00f3n de datos, dice CEO de Apple."},"content":{"rendered":"<p>El director ejecutivo de Apple, Tim Cook, estim\u00f3 \u201cinevitable\u201d una reglamentaci\u00f3n para proteger los datos de los usuarios en el sector de la alta tecnolog\u00eda y de las redes sociales, en una entrevista difundida el domingo.<br \/>\n<a href=\"https:\/\/www.conclusion.com.ar\/internet\/es-inevitable-una-reglamentacion-de-proteccion-de-datos-dice-ceo-de-apple\/11\/2018\/\" target=\"_blank\" rel=\"noopener\">M\u00e1s informaci\u00f3n<\/a><br \/>\n#HablemosDeSeguridad<\/p>\n","protected":false},"excerpt":{"rendered":"<p>El director ejecutivo de Apple, Tim Cook, estim\u00f3 \u201cinevitable\u201d una reglamentaci\u00f3n para proteger los datos de los usuarios en el sector de la alta tecnolog\u00eda y de las redes sociales, en una entrevista difundida el domingo. M\u00e1s informaci\u00f3n #HablemosDeSeguridad<\/p>\n","protected":false},"author":3,"featured_media":805,"comment_status":"open","ping_status":"open","sticky":false,"template":"","format":"standard","meta":{"footnotes":""},"categories":[4],"tags":[27,75,259],"_links":{"self":[{"href":"https:\/\/www.capa8.com\/blog\/wp-json\/wp\/v2\/posts\/807"}],"collection":[{"href":"https:\/\/www.capa8.com\/blog\/wp-json\/wp\/v2\/posts"}],"about":[{"href":"https:\/\/www.capa8.com\/blog\/wp-json\/wp\/v2\/types\/post"}],"author":[{"embeddable":true,"href":"https:\/\/www.capa8.com\/blog\/wp-json\/wp\/v2\/users\/3"}],"replies":[{"embeddable":true,"href":"https:\/\/www.capa8.com\/blog\/wp-json\/wp\/v2\/comments?post=807"}],"version-history":[{"count":0,"href":"https:\/\/www.capa8.com\/blog\/wp-json\/wp\/v2\/posts\/807\/revisions"}],"wp:featuredmedia":[{"embeddable":true,"href":"https:\/\/www.capa8.com\/blog\/wp-json\/wp\/v2\/media\/805"}],"wp:attachment":[{"href":"https:\/\/www.capa8.com\/blog\/wp-json\/wp\/v2\/media?parent=807"}],"wp:term":[{"taxonomy":"category","embeddable":true,"href":"https:\/\/www.capa8.com\/blog\/wp-json\/wp\/v2\/categories?post=807"},{"taxonomy":"post_tag","embeddable":true,"href":"https:\/\/www.capa8.com\/blog\/wp-json\/wp\/v2\/tags?post=807"}],"curies":[{"name":"wp","href":"https:\/\/api.w.org\/{rel}","templated":true}]}}