{"id":2431,"date":"2019-07-06T14:27:13","date_gmt":"2019-07-06T19:27:13","guid":{"rendered":"https:\/\/www.capa8.com\/blog\/?p=2431"},"modified":"2019-07-06T14:27:15","modified_gmt":"2019-07-06T19:27:15","slug":"perdida-de-datos-le-cuesta-a-una-empresa-en-mexico-mas-de-1-millon-de-dolares-dell-emc","status":"publish","type":"post","link":"https:\/\/www.capa8.com\/blog\/perdida-de-datos-le-cuesta-a-una-empresa-en-mexico-mas-de-1-millon-de-dolares-dell-emc\/","title":{"rendered":"P\u00e9rdida de datos le cuesta a una empresa en M\u00e9xico m\u00e1s de 1 mill\u00f3n de d\u00f3lares: DELL EMC."},"content":{"rendered":"\n<p>La p\u00e9rdida\nde datos le cuesta a las organizaciones mexicanas tres veces m\u00e1s que la\ninactividad en sus operaciones, de acuerdo con el primer Data Protection Index\nde DELL EMC.<\/p>\n\n\n\n<p>Esto resulta\nrelevante si se considera que un tercio de las organizaciones encuestadas en\nM\u00e9xico para realizar el estudio dijeron haber sufrido la p\u00e9rdida de informaci\u00f3n.<\/p>\n\n\n\n<p><a href=\"https:\/\/www.eleconomista.com.mx\/amp\/tecnologia\/Perdida-de-datos-le-cuesta-a-una-empresa-en-Mexico-mas-de-1-millon-de-dolares-DELL-EMC-20190410-0079.html\">M\u00e1s\ninformaci\u00f3n<\/a><\/p>\n\n\n\n<p>#HablemosDeSeguridad<\/p>\n\n\n\n<p>V\u00eda @eleconomista<\/p>\n","protected":false},"excerpt":{"rendered":"<p>La p\u00e9rdida de datos le cuesta a las organizaciones mexicanas tres veces m\u00e1s que la inactividad en sus operaciones, de acuerdo con el primer Data Protection Index de DELL EMC. Esto resulta relevante si se considera que un tercio de las organizaciones encuestadas en M\u00e9xico para realizar el estudio dijeron haber sufrido la p\u00e9rdida de [&hellip;]<\/p>\n","protected":false},"author":2,"featured_media":2432,"comment_status":"closed","ping_status":"closed","sticky":false,"template":"","format":"standard","meta":{"footnotes":""},"categories":[4,6],"tags":[75,217,589],"_links":{"self":[{"href":"https:\/\/www.capa8.com\/blog\/wp-json\/wp\/v2\/posts\/2431"}],"collection":[{"href":"https:\/\/www.capa8.com\/blog\/wp-json\/wp\/v2\/posts"}],"about":[{"href":"https:\/\/www.capa8.com\/blog\/wp-json\/wp\/v2\/types\/post"}],"author":[{"embeddable":true,"href":"https:\/\/www.capa8.com\/blog\/wp-json\/wp\/v2\/users\/2"}],"replies":[{"embeddable":true,"href":"https:\/\/www.capa8.com\/blog\/wp-json\/wp\/v2\/comments?post=2431"}],"version-history":[{"count":1,"href":"https:\/\/www.capa8.com\/blog\/wp-json\/wp\/v2\/posts\/2431\/revisions"}],"predecessor-version":[{"id":2433,"href":"https:\/\/www.capa8.com\/blog\/wp-json\/wp\/v2\/posts\/2431\/revisions\/2433"}],"wp:featuredmedia":[{"embeddable":true,"href":"https:\/\/www.capa8.com\/blog\/wp-json\/wp\/v2\/media\/2432"}],"wp:attachment":[{"href":"https:\/\/www.capa8.com\/blog\/wp-json\/wp\/v2\/media?parent=2431"}],"wp:term":[{"taxonomy":"category","embeddable":true,"href":"https:\/\/www.capa8.com\/blog\/wp-json\/wp\/v2\/categories?post=2431"},{"taxonomy":"post_tag","embeddable":true,"href":"https:\/\/www.capa8.com\/blog\/wp-json\/wp\/v2\/tags?post=2431"}],"curies":[{"name":"wp","href":"https:\/\/api.w.org\/{rel}","templated":true}]}}